{"id":4486,"date":"2023-01-27T11:06:35","date_gmt":"2023-01-27T11:06:35","guid":{"rendered":"https:\/\/dev2023.sergelifar.org\/disparition-de-monsieur-attilio-labis\/"},"modified":"2023-01-27T11:06:35","modified_gmt":"2023-01-27T11:06:35","slug":"disparition-de-monsieur-attilio-labis","status":"publish","type":"post","link":"https:\/\/www.sergelifar.org\/ru\/disparition-de-monsieur-attilio-labis\/","title":{"rendered":"Disparition de Monsieur Attilio Labis"},"content":{"rendered":"<p>C&#8217;est avec une profonde tristesse que nous apprenons le d\u00e9c\u00e8s d&#8217;Attilio Labis \u00e0 l&#8217;\u00e2ge de 86 ans.<\/p>\n<p>Il restera l&#8217;inoubliable interpr\u00e8te d&#8217;Icare, de Serge Lifar, dans la production de 1962 dont les d\u00e9cors avaient \u00e9t\u00e9 cr\u00e9\u00e9s par Picasso.<\/p>\n<p>Il \u00e9tait \u00e9galement Pr\u00e9sident du Conseil de la Fondation Serge Lifar.<\/p>\n<p>&nbsp;<\/p>\n<p><iframe loading=\"lazy\" title=\"YouTube video player\" src=\"https:\/\/www.youtube.com\/embed\/FE_MKklJMW8\" width=\"560\" height=\"315\" frameborder=\"0\" allowfullscreen=\"allowfullscreen\"><\/iframe>&nbsp;<\/p>\n<p>&nbsp;<\/p>\n","protected":false},"excerpt":{"rendered":"<p>C&#8217;est avec une profonde tristesse que nous apprenons le d\u00e9c\u00e8s d&#8217;Attilio Labis \u00e0 l&#8217;\u00e2ge de 86 ans. Il restera l&#8217;inoubliable interpr\u00e8te d&#8217;Icare, de Serge Lifar, dans la production de 1962 dont les d\u00e9cors avaient \u00e9t\u00e9 cr\u00e9\u00e9s par Picasso. Il \u00e9tait \u00e9galement Pr\u00e9sident du Conseil de la Fondation Serge Lifar. &nbsp; &nbsp; &nbsp;<\/p>\n","protected":false},"author":2,"featured_media":4111,"comment_status":"closed","ping_status":"closed","sticky":false,"template":"","format":"standard","meta":{"_acf_changed":false,"ngg_post_thumbnail":0,"footnotes":""},"categories":[35],"tags":[],"class_list":["post-4486","post","type-post","status-publish","format-standard","has-post-thumbnail","hentry","category-actualites-ru"],"acf":[],"yoast_head":"<!-- This site is optimized with the Yoast SEO plugin v27.4 - https:\/\/yoast.com\/product\/yoast-seo-wordpress\/ -->\n<title>Disparition de Monsieur Attilio Labis - Serge Lifar<\/title>\n<meta name=\"robots\" content=\"index, follow, max-snippet:-1, max-image-preview:large, max-video-preview:-1\" \/>\n<link rel=\"canonical\" href=\"https:\/\/www.sergelifar.org\/ru\/disparition-de-monsieur-attilio-labis\/\" \/>\n<meta property=\"og:locale\" content=\"ru_RU\" \/>\n<meta property=\"og:type\" content=\"article\" \/>\n<meta property=\"og:title\" content=\"Disparition de Monsieur Attilio Labis - Serge Lifar\" \/>\n<meta property=\"og:description\" content=\"C&#8217;est avec une profonde tristesse que nous apprenons le d\u00e9c\u00e8s d&#8217;Attilio Labis \u00e0 l&#8217;\u00e2ge de 86 ans. Il restera l&#8217;inoubliable interpr\u00e8te d&#8217;Icare, de Serge Lifar, dans la production de 1962 dont les d\u00e9cors avaient \u00e9t\u00e9 cr\u00e9\u00e9s par Picasso. Il \u00e9tait \u00e9galement Pr\u00e9sident du Conseil de la Fondation Serge Lifar. &nbsp; &nbsp; &nbsp;\" \/>\n<meta property=\"og:url\" content=\"https:\/\/www.sergelifar.org\/ru\/disparition-de-monsieur-attilio-labis\/\" \/>\n<meta property=\"og:site_name\" content=\"Serge Lifar\" \/>\n<meta property=\"article:published_time\" content=\"2023-01-27T11:06:35+00:00\" \/>\n<meta property=\"og:image\" content=\"https:\/\/www.sergelifar.org\/wp-content\/uploads\/2023\/02\/icare-1.jpg\" \/>\n\t<meta property=\"og:image:width\" content=\"485\" \/>\n\t<meta property=\"og:image:height\" content=\"587\" \/>\n\t<meta property=\"og:image:type\" content=\"image\/jpeg\" \/>\n<meta name=\"author\" content=\"Webmaster\" \/>\n<meta name=\"twitter:card\" content=\"summary_large_image\" \/>\n<meta name=\"twitter:label1\" content=\"\u041d\u0430\u043f\u0438\u0441\u0430\u043d\u043e \u0430\u0432\u0442\u043e\u0440\u043e\u043c\" \/>\n\t<meta name=\"twitter:data1\" content=\"Webmaster\" \/>\n<script type=\"application\/ld+json\" class=\"yoast-schema-graph\">{\"@context\":\"https:\\\/\\\/schema.org\",\"@graph\":[{\"@type\":\"Article\",\"@id\":\"https:\\\/\\\/www.sergelifar.org\\\/ru\\\/disparition-de-monsieur-attilio-labis\\\/#article\",\"isPartOf\":{\"@id\":\"https:\\\/\\\/www.sergelifar.org\\\/ru\\\/disparition-de-monsieur-attilio-labis\\\/\"},\"author\":{\"name\":\"Webmaster\",\"@id\":\"https:\\\/\\\/dev2023.sergelifar.org\\\/en\\\/#\\\/schema\\\/person\\\/dae29e5a830f6a778b8161f634385805\"},\"headline\":\"Disparition de Monsieur Attilio Labis\",\"datePublished\":\"2023-01-27T11:06:35+00:00\",\"mainEntityOfPage\":{\"@id\":\"https:\\\/\\\/www.sergelifar.org\\\/ru\\\/disparition-de-monsieur-attilio-labis\\\/\"},\"wordCount\":65,\"image\":{\"@id\":\"https:\\\/\\\/www.sergelifar.org\\\/ru\\\/disparition-de-monsieur-attilio-labis\\\/#primaryimage\"},\"thumbnailUrl\":\"https:\\\/\\\/www.sergelifar.org\\\/wp-content\\\/uploads\\\/2023\\\/02\\\/icare-1.jpg\",\"articleSection\":[\"Actualit\u00e9s\"],\"inLanguage\":\"ru-RU\"},{\"@type\":\"WebPage\",\"@id\":\"https:\\\/\\\/www.sergelifar.org\\\/ru\\\/disparition-de-monsieur-attilio-labis\\\/\",\"url\":\"https:\\\/\\\/www.sergelifar.org\\\/ru\\\/disparition-de-monsieur-attilio-labis\\\/\",\"name\":\"Disparition de Monsieur Attilio Labis - Serge Lifar\",\"isPartOf\":{\"@id\":\"https:\\\/\\\/dev2023.sergelifar.org\\\/en\\\/#website\"},\"primaryImageOfPage\":{\"@id\":\"https:\\\/\\\/www.sergelifar.org\\\/ru\\\/disparition-de-monsieur-attilio-labis\\\/#primaryimage\"},\"image\":{\"@id\":\"https:\\\/\\\/www.sergelifar.org\\\/ru\\\/disparition-de-monsieur-attilio-labis\\\/#primaryimage\"},\"thumbnailUrl\":\"https:\\\/\\\/www.sergelifar.org\\\/wp-content\\\/uploads\\\/2023\\\/02\\\/icare-1.jpg\",\"datePublished\":\"2023-01-27T11:06:35+00:00\",\"author\":{\"@id\":\"https:\\\/\\\/dev2023.sergelifar.org\\\/en\\\/#\\\/schema\\\/person\\\/dae29e5a830f6a778b8161f634385805\"},\"breadcrumb\":{\"@id\":\"https:\\\/\\\/www.sergelifar.org\\\/ru\\\/disparition-de-monsieur-attilio-labis\\\/#breadcrumb\"},\"inLanguage\":\"ru-RU\",\"potentialAction\":[{\"@type\":\"ReadAction\",\"target\":[\"https:\\\/\\\/www.sergelifar.org\\\/ru\\\/disparition-de-monsieur-attilio-labis\\\/\"]}]},{\"@type\":\"ImageObject\",\"inLanguage\":\"ru-RU\",\"@id\":\"https:\\\/\\\/www.sergelifar.org\\\/ru\\\/disparition-de-monsieur-attilio-labis\\\/#primaryimage\",\"url\":\"https:\\\/\\\/www.sergelifar.org\\\/wp-content\\\/uploads\\\/2023\\\/02\\\/icare-1.jpg\",\"contentUrl\":\"https:\\\/\\\/www.sergelifar.org\\\/wp-content\\\/uploads\\\/2023\\\/02\\\/icare-1.jpg\",\"width\":485,\"height\":587},{\"@type\":\"BreadcrumbList\",\"@id\":\"https:\\\/\\\/www.sergelifar.org\\\/ru\\\/disparition-de-monsieur-attilio-labis\\\/#breadcrumb\",\"itemListElement\":[{\"@type\":\"ListItem\",\"position\":1,\"name\":\"Accueil\",\"item\":\"https:\\\/\\\/www.sergelifar.org\\\/ru\\\/\"},{\"@type\":\"ListItem\",\"position\":2,\"name\":\"Disparition de Monsieur Attilio Labis\"}]},{\"@type\":\"WebSite\",\"@id\":\"https:\\\/\\\/dev2023.sergelifar.org\\\/en\\\/#website\",\"url\":\"https:\\\/\\\/dev2023.sergelifar.org\\\/en\\\/\",\"name\":\"Serge Lifar\",\"description\":\"Site officiel de la Fondation Serge Lifar\",\"potentialAction\":[{\"@type\":\"SearchAction\",\"target\":{\"@type\":\"EntryPoint\",\"urlTemplate\":\"https:\\\/\\\/dev2023.sergelifar.org\\\/en\\\/?s={search_term_string}\"},\"query-input\":{\"@type\":\"PropertyValueSpecification\",\"valueRequired\":true,\"valueName\":\"search_term_string\"}}],\"inLanguage\":\"ru-RU\"},{\"@type\":\"Person\",\"@id\":\"https:\\\/\\\/dev2023.sergelifar.org\\\/en\\\/#\\\/schema\\\/person\\\/dae29e5a830f6a778b8161f634385805\",\"name\":\"Webmaster\",\"image\":{\"@type\":\"ImageObject\",\"inLanguage\":\"ru-RU\",\"@id\":\"https:\\\/\\\/secure.gravatar.com\\\/avatar\\\/a68d33a65606f135821ef61899a3e73f86878ef3ef277eb95ef209f602a30762?s=96&d=mm&r=g\",\"url\":\"https:\\\/\\\/secure.gravatar.com\\\/avatar\\\/a68d33a65606f135821ef61899a3e73f86878ef3ef277eb95ef209f602a30762?s=96&d=mm&r=g\",\"contentUrl\":\"https:\\\/\\\/secure.gravatar.com\\\/avatar\\\/a68d33a65606f135821ef61899a3e73f86878ef3ef277eb95ef209f602a30762?s=96&d=mm&r=g\",\"caption\":\"Webmaster\"},\"url\":\"https:\\\/\\\/www.sergelifar.org\\\/ru\\\/author\\\/webmaster\\\/\"}]}<\/script>\n<!-- \/ Yoast SEO plugin. -->","yoast_head_json":{"title":"Disparition de Monsieur Attilio Labis - Serge Lifar","robots":{"index":"index","follow":"follow","max-snippet":"max-snippet:-1","max-image-preview":"max-image-preview:large","max-video-preview":"max-video-preview:-1"},"canonical":"https:\/\/www.sergelifar.org\/ru\/disparition-de-monsieur-attilio-labis\/","og_locale":"ru_RU","og_type":"article","og_title":"Disparition de Monsieur Attilio Labis - Serge Lifar","og_description":"C&#8217;est avec une profonde tristesse que nous apprenons le d\u00e9c\u00e8s d&#8217;Attilio Labis \u00e0 l&#8217;\u00e2ge de 86 ans. Il restera l&#8217;inoubliable interpr\u00e8te d&#8217;Icare, de Serge Lifar, dans la production de 1962 dont les d\u00e9cors avaient \u00e9t\u00e9 cr\u00e9\u00e9s par Picasso. Il \u00e9tait \u00e9galement Pr\u00e9sident du Conseil de la Fondation Serge Lifar. &nbsp; &nbsp; &nbsp;","og_url":"https:\/\/www.sergelifar.org\/ru\/disparition-de-monsieur-attilio-labis\/","og_site_name":"Serge Lifar","article_published_time":"2023-01-27T11:06:35+00:00","og_image":[{"width":485,"height":587,"url":"https:\/\/www.sergelifar.org\/wp-content\/uploads\/2023\/02\/icare-1.jpg","type":"image\/jpeg"}],"author":"Webmaster","twitter_card":"summary_large_image","twitter_misc":{"\u041d\u0430\u043f\u0438\u0441\u0430\u043d\u043e \u0430\u0432\u0442\u043e\u0440\u043e\u043c":"Webmaster"},"schema":{"@context":"https:\/\/schema.org","@graph":[{"@type":"Article","@id":"https:\/\/www.sergelifar.org\/ru\/disparition-de-monsieur-attilio-labis\/#article","isPartOf":{"@id":"https:\/\/www.sergelifar.org\/ru\/disparition-de-monsieur-attilio-labis\/"},"author":{"name":"Webmaster","@id":"https:\/\/dev2023.sergelifar.org\/en\/#\/schema\/person\/dae29e5a830f6a778b8161f634385805"},"headline":"Disparition de Monsieur Attilio Labis","datePublished":"2023-01-27T11:06:35+00:00","mainEntityOfPage":{"@id":"https:\/\/www.sergelifar.org\/ru\/disparition-de-monsieur-attilio-labis\/"},"wordCount":65,"image":{"@id":"https:\/\/www.sergelifar.org\/ru\/disparition-de-monsieur-attilio-labis\/#primaryimage"},"thumbnailUrl":"https:\/\/www.sergelifar.org\/wp-content\/uploads\/2023\/02\/icare-1.jpg","articleSection":["Actualit\u00e9s"],"inLanguage":"ru-RU"},{"@type":"WebPage","@id":"https:\/\/www.sergelifar.org\/ru\/disparition-de-monsieur-attilio-labis\/","url":"https:\/\/www.sergelifar.org\/ru\/disparition-de-monsieur-attilio-labis\/","name":"Disparition de Monsieur Attilio Labis - Serge Lifar","isPartOf":{"@id":"https:\/\/dev2023.sergelifar.org\/en\/#website"},"primaryImageOfPage":{"@id":"https:\/\/www.sergelifar.org\/ru\/disparition-de-monsieur-attilio-labis\/#primaryimage"},"image":{"@id":"https:\/\/www.sergelifar.org\/ru\/disparition-de-monsieur-attilio-labis\/#primaryimage"},"thumbnailUrl":"https:\/\/www.sergelifar.org\/wp-content\/uploads\/2023\/02\/icare-1.jpg","datePublished":"2023-01-27T11:06:35+00:00","author":{"@id":"https:\/\/dev2023.sergelifar.org\/en\/#\/schema\/person\/dae29e5a830f6a778b8161f634385805"},"breadcrumb":{"@id":"https:\/\/www.sergelifar.org\/ru\/disparition-de-monsieur-attilio-labis\/#breadcrumb"},"inLanguage":"ru-RU","potentialAction":[{"@type":"ReadAction","target":["https:\/\/www.sergelifar.org\/ru\/disparition-de-monsieur-attilio-labis\/"]}]},{"@type":"ImageObject","inLanguage":"ru-RU","@id":"https:\/\/www.sergelifar.org\/ru\/disparition-de-monsieur-attilio-labis\/#primaryimage","url":"https:\/\/www.sergelifar.org\/wp-content\/uploads\/2023\/02\/icare-1.jpg","contentUrl":"https:\/\/www.sergelifar.org\/wp-content\/uploads\/2023\/02\/icare-1.jpg","width":485,"height":587},{"@type":"BreadcrumbList","@id":"https:\/\/www.sergelifar.org\/ru\/disparition-de-monsieur-attilio-labis\/#breadcrumb","itemListElement":[{"@type":"ListItem","position":1,"name":"Accueil","item":"https:\/\/www.sergelifar.org\/ru\/"},{"@type":"ListItem","position":2,"name":"Disparition de Monsieur Attilio Labis"}]},{"@type":"WebSite","@id":"https:\/\/dev2023.sergelifar.org\/en\/#website","url":"https:\/\/dev2023.sergelifar.org\/en\/","name":"Serge Lifar","description":"Site officiel de la Fondation Serge Lifar","potentialAction":[{"@type":"SearchAction","target":{"@type":"EntryPoint","urlTemplate":"https:\/\/dev2023.sergelifar.org\/en\/?s={search_term_string}"},"query-input":{"@type":"PropertyValueSpecification","valueRequired":true,"valueName":"search_term_string"}}],"inLanguage":"ru-RU"},{"@type":"Person","@id":"https:\/\/dev2023.sergelifar.org\/en\/#\/schema\/person\/dae29e5a830f6a778b8161f634385805","name":"Webmaster","image":{"@type":"ImageObject","inLanguage":"ru-RU","@id":"https:\/\/secure.gravatar.com\/avatar\/a68d33a65606f135821ef61899a3e73f86878ef3ef277eb95ef209f602a30762?s=96&d=mm&r=g","url":"https:\/\/secure.gravatar.com\/avatar\/a68d33a65606f135821ef61899a3e73f86878ef3ef277eb95ef209f602a30762?s=96&d=mm&r=g","contentUrl":"https:\/\/secure.gravatar.com\/avatar\/a68d33a65606f135821ef61899a3e73f86878ef3ef277eb95ef209f602a30762?s=96&d=mm&r=g","caption":"Webmaster"},"url":"https:\/\/www.sergelifar.org\/ru\/author\/webmaster\/"}]}},"_links":{"self":[{"href":"https:\/\/www.sergelifar.org\/ru\/wp-json\/wp\/v2\/posts\/4486","targetHints":{"allow":["GET"]}}],"collection":[{"href":"https:\/\/www.sergelifar.org\/ru\/wp-json\/wp\/v2\/posts"}],"about":[{"href":"https:\/\/www.sergelifar.org\/ru\/wp-json\/wp\/v2\/types\/post"}],"author":[{"embeddable":true,"href":"https:\/\/www.sergelifar.org\/ru\/wp-json\/wp\/v2\/users\/2"}],"replies":[{"embeddable":true,"href":"https:\/\/www.sergelifar.org\/ru\/wp-json\/wp\/v2\/comments?post=4486"}],"version-history":[{"count":0,"href":"https:\/\/www.sergelifar.org\/ru\/wp-json\/wp\/v2\/posts\/4486\/revisions"}],"wp:featuredmedia":[{"embeddable":true,"href":"https:\/\/www.sergelifar.org\/ru\/wp-json\/wp\/v2\/media\/4111"}],"wp:attachment":[{"href":"https:\/\/www.sergelifar.org\/ru\/wp-json\/wp\/v2\/media?parent=4486"}],"wp:term":[{"taxonomy":"category","embeddable":true,"href":"https:\/\/www.sergelifar.org\/ru\/wp-json\/wp\/v2\/categories?post=4486"},{"taxonomy":"post_tag","embeddable":true,"href":"https:\/\/www.sergelifar.org\/ru\/wp-json\/wp\/v2\/tags?post=4486"}],"curies":[{"name":"wp","href":"https:\/\/api.w.org\/{rel}","templated":true}]}}